{"id":4751,"date":"2019-12-31T11:28:58","date_gmt":"2019-12-31T11:28:58","guid":{"rendered":"http:\/\/www.ajedrezpaisanfernando.com\/blog\/?p=4751"},"modified":"2020-03-01T11:40:54","modified_gmt":"2020-03-01T11:40:54","slug":"4751","status":"publish","type":"post","link":"http:\/\/www.ajedrezpaisanfernando.com\/blog\/?p=4751","title":{"rendered":"VI OPEN VILLA DE CONIL"},"content":{"rendered":"<p>Se celebr\u00f3 en Conil el\u00a0\u00a0<b>VI Open Villa de Conil \u00abMemorial Pepe Ureba\u00bb<\/b>\u00a0con una participaci\u00f3n de 59 jugadores. Tras 8 rondas disputadas el campe\u00f3n del torneo fue nuestro jugador\u00a0<b>Alex Garrido Outon<\/b>\u00a0de la Pe\u00f1a Ajedrec\u00edstica Isle\u00f1a con 7 puntos sobre 8, el subcampe\u00f3n del torneo fue para\u00a0<b>Jorge Rinc\u00f3n Basc\u00f3n<\/b>\u00a0del Club de Ajedrez La Cobijada con 6,5 puntos y el tercer puesto fue para el tambi\u00e9n jugador de la PAI\u00a0<b>MI Roberto Carlos G\u00f3mez Ledo<\/b>\u00a0de la Pe\u00f1a Ajedrec\u00edstica Isle\u00f1a con 6 puntos.<\/p>\n<p>Asimismo, varios de nuestros jugadores quedaron entre los 10 primeros, copando varios de los premios en juego.<\/p>\n<p>https:\/\/chess-results.com\/tnr491660.aspx?lan=2&#038;art=1&#038;rd=8<\/p>\n<p><img fetchpriority=\"high\" decoding=\"async\" class=\"aligncenter size-full wp-image-4752\" src=\"http:\/\/www.ajedrezpaisanfernando.com\/blog\/wp-content\/uploads\/2020\/03\/resultado.jpg\" alt=\"\" width=\"421\" height=\"635\" srcset=\"http:\/\/www.ajedrezpaisanfernando.com\/blog\/wp-content\/uploads\/2020\/03\/resultado.jpg 421w, http:\/\/www.ajedrezpaisanfernando.com\/blog\/wp-content\/uploads\/2020\/03\/resultado-199x300.jpg 199w\" sizes=\"(max-width: 421px) 100vw, 421px\" \/><\/p>\n<p>&nbsp;<\/p>\n<p>&nbsp;<\/p>\n<p>&nbsp;<\/p>\n","protected":false},"excerpt":{"rendered":"<p>Se celebr\u00f3 en Conil el\u00a0\u00a0VI Open Villa de Conil \u00abMemorial Pepe Ureba\u00bb\u00a0con una participaci\u00f3n de 59 jugadores. Tras 8 rondas disputadas el campe\u00f3n del torneo fue nuestro jugador\u00a0Alex Garrido Outon\u00a0de la Pe\u00f1a Ajedrec\u00edstica Isle\u00f1a con 7 puntos sobre 8, el subcampe\u00f3n del torneo fue para\u00a0Jorge Rinc\u00f3n Basc\u00f3n\u00a0del Club de Ajedrez La Cobijada con 6,5 puntos&#8230;<\/p>\n","protected":false},"author":1,"featured_media":4752,"comment_status":"open","ping_status":"open","sticky":false,"template":"","format":"standard","meta":{"_kadence_starter_templates_imported_post":false,"_kad_post_transparent":"","_kad_post_title":"","_kad_post_layout":"","_kad_post_sidebar_id":"","_kad_post_content_style":"","_kad_post_vertical_padding":"","_kad_post_feature":"","_kad_post_feature_position":"","_kad_post_header":false,"_kad_post_footer":false,"_kad_post_classname":"","footnotes":""},"categories":[1],"tags":[],"class_list":["post-4751","post","type-post","status-publish","format-standard","has-post-thumbnail","hentry","category-general"],"yoast_head":"<!-- This site is optimized with the Yoast SEO plugin v27.4 - https:\/\/yoast.com\/product\/yoast-seo-wordpress\/ -->\n<title>VI OPEN VILLA DE CONIL - Pe\u00f1a Ajedrec\u00edstica Isle\u00f1a<\/title>\n<meta name=\"robots\" content=\"index, follow, max-snippet:-1, max-image-preview:large, max-video-preview:-1\" \/>\n<link rel=\"canonical\" href=\"http:\/\/www.ajedrezpaisanfernando.com\/blog\/?p=4751\" \/>\n<meta property=\"og:locale\" content=\"es_ES\" \/>\n<meta property=\"og:type\" content=\"article\" \/>\n<meta property=\"og:title\" content=\"VI OPEN VILLA DE CONIL - Pe\u00f1a Ajedrec\u00edstica Isle\u00f1a\" \/>\n<meta property=\"og:description\" content=\"Se celebr\u00f3 en Conil el\u00a0\u00a0VI Open Villa de Conil \u00abMemorial Pepe Ureba\u00bb\u00a0con una participaci\u00f3n de 59 jugadores. Tras 8 rondas disputadas el campe\u00f3n del torneo fue nuestro jugador\u00a0Alex Garrido Outon\u00a0de la Pe\u00f1a Ajedrec\u00edstica Isle\u00f1a con 7 puntos sobre 8, el subcampe\u00f3n del torneo fue para\u00a0Jorge Rinc\u00f3n Basc\u00f3n\u00a0del Club de Ajedrez La Cobijada con 6,5 puntos...\" \/>\n<meta property=\"og:url\" content=\"http:\/\/www.ajedrezpaisanfernando.com\/blog\/?p=4751\" \/>\n<meta property=\"og:site_name\" content=\"Pe\u00f1a Ajedrec\u00edstica Isle\u00f1a\" \/>\n<meta property=\"article:publisher\" content=\"https:\/\/www.facebook.com\/penaajedrecisticaislena.pai\" \/>\n<meta property=\"article:published_time\" content=\"2019-12-31T11:28:58+00:00\" \/>\n<meta property=\"article:modified_time\" content=\"2020-03-01T11:40:54+00:00\" \/>\n<meta property=\"og:image\" content=\"http:\/\/www.ajedrezpaisanfernando.com\/blog\/wp-content\/uploads\/2020\/03\/resultado.jpg\" \/>\n\t<meta property=\"og:image:width\" content=\"421\" \/>\n\t<meta property=\"og:image:height\" content=\"635\" \/>\n\t<meta property=\"og:image:type\" content=\"image\/jpeg\" \/>\n<meta name=\"author\" content=\"Alfonso Cu\u00e9llar\" \/>\n<meta name=\"twitter:card\" content=\"summary_large_image\" \/>\n<meta name=\"twitter:label1\" content=\"Escrito por\" \/>\n\t<meta name=\"twitter:data1\" content=\"Alfonso Cu\u00e9llar\" \/>\n\t<meta name=\"twitter:label2\" content=\"Tiempo de lectura\" \/>\n\t<meta name=\"twitter:data2\" content=\"1 minuto\" \/>\n<script type=\"application\/ld+json\" class=\"yoast-schema-graph\">{\"@context\":\"https:\\\/\\\/schema.org\",\"@graph\":[{\"@type\":\"Article\",\"@id\":\"http:\\\/\\\/www.ajedrezpaisanfernando.com\\\/blog\\\/?p=4751#article\",\"isPartOf\":{\"@id\":\"http:\\\/\\\/www.ajedrezpaisanfernando.com\\\/blog\\\/?p=4751\"},\"author\":{\"name\":\"Alfonso Cu\u00e9llar\",\"@id\":\"https:\\\/\\\/www.ajedrezpaisanfernando.com\\\/blog\\\/#\\\/schema\\\/person\\\/39f0de072b3cd8fec8c1df45c24e7b72\"},\"headline\":\"VI OPEN VILLA DE CONIL\",\"datePublished\":\"2019-12-31T11:28:58+00:00\",\"dateModified\":\"2020-03-01T11:40:54+00:00\",\"mainEntityOfPage\":{\"@id\":\"http:\\\/\\\/www.ajedrezpaisanfernando.com\\\/blog\\\/?p=4751\"},\"wordCount\":127,\"commentCount\":0,\"publisher\":{\"@id\":\"https:\\\/\\\/www.ajedrezpaisanfernando.com\\\/blog\\\/#organization\"},\"image\":{\"@id\":\"http:\\\/\\\/www.ajedrezpaisanfernando.com\\\/blog\\\/?p=4751#primaryimage\"},\"thumbnailUrl\":\"http:\\\/\\\/www.ajedrezpaisanfernando.com\\\/blog\\\/wp-content\\\/uploads\\\/2020\\\/03\\\/resultado.jpg\",\"articleSection\":[\"General\"],\"inLanguage\":\"es\",\"potentialAction\":[{\"@type\":\"CommentAction\",\"name\":\"Comment\",\"target\":[\"http:\\\/\\\/www.ajedrezpaisanfernando.com\\\/blog\\\/?p=4751#respond\"]}]},{\"@type\":\"WebPage\",\"@id\":\"http:\\\/\\\/www.ajedrezpaisanfernando.com\\\/blog\\\/?p=4751\",\"url\":\"http:\\\/\\\/www.ajedrezpaisanfernando.com\\\/blog\\\/?p=4751\",\"name\":\"VI OPEN VILLA DE CONIL - Pe\u00f1a Ajedrec\u00edstica Isle\u00f1a\",\"isPartOf\":{\"@id\":\"https:\\\/\\\/www.ajedrezpaisanfernando.com\\\/blog\\\/#website\"},\"primaryImageOfPage\":{\"@id\":\"http:\\\/\\\/www.ajedrezpaisanfernando.com\\\/blog\\\/?p=4751#primaryimage\"},\"image\":{\"@id\":\"http:\\\/\\\/www.ajedrezpaisanfernando.com\\\/blog\\\/?p=4751#primaryimage\"},\"thumbnailUrl\":\"http:\\\/\\\/www.ajedrezpaisanfernando.com\\\/blog\\\/wp-content\\\/uploads\\\/2020\\\/03\\\/resultado.jpg\",\"datePublished\":\"2019-12-31T11:28:58+00:00\",\"dateModified\":\"2020-03-01T11:40:54+00:00\",\"breadcrumb\":{\"@id\":\"http:\\\/\\\/www.ajedrezpaisanfernando.com\\\/blog\\\/?p=4751#breadcrumb\"},\"inLanguage\":\"es\",\"potentialAction\":[{\"@type\":\"ReadAction\",\"target\":[\"http:\\\/\\\/www.ajedrezpaisanfernando.com\\\/blog\\\/?p=4751\"]}]},{\"@type\":\"ImageObject\",\"inLanguage\":\"es\",\"@id\":\"http:\\\/\\\/www.ajedrezpaisanfernando.com\\\/blog\\\/?p=4751#primaryimage\",\"url\":\"http:\\\/\\\/www.ajedrezpaisanfernando.com\\\/blog\\\/wp-content\\\/uploads\\\/2020\\\/03\\\/resultado.jpg\",\"contentUrl\":\"http:\\\/\\\/www.ajedrezpaisanfernando.com\\\/blog\\\/wp-content\\\/uploads\\\/2020\\\/03\\\/resultado.jpg\",\"width\":421,\"height\":635},{\"@type\":\"BreadcrumbList\",\"@id\":\"http:\\\/\\\/www.ajedrezpaisanfernando.com\\\/blog\\\/?p=4751#breadcrumb\",\"itemListElement\":[{\"@type\":\"ListItem\",\"position\":1,\"name\":\"Portada\",\"item\":\"https:\\\/\\\/www.ajedrezpaisanfernando.com\\\/blog\"},{\"@type\":\"ListItem\",\"position\":2,\"name\":\"VI OPEN VILLA DE CONIL\"}]},{\"@type\":\"WebSite\",\"@id\":\"https:\\\/\\\/www.ajedrezpaisanfernando.com\\\/blog\\\/#website\",\"url\":\"https:\\\/\\\/www.ajedrezpaisanfernando.com\\\/blog\\\/\",\"name\":\"Pe\u00f1a Ajedrec\u00edstica Isle\u00f1a\",\"description\":\"San Fernando (C\u00e1diz)  - chessanfernando@gmail.com - Tfno: 646.55.07.18\",\"publisher\":{\"@id\":\"https:\\\/\\\/www.ajedrezpaisanfernando.com\\\/blog\\\/#organization\"},\"potentialAction\":[{\"@type\":\"SearchAction\",\"target\":{\"@type\":\"EntryPoint\",\"urlTemplate\":\"https:\\\/\\\/www.ajedrezpaisanfernando.com\\\/blog\\\/?s={search_term_string}\"},\"query-input\":{\"@type\":\"PropertyValueSpecification\",\"valueRequired\":true,\"valueName\":\"search_term_string\"}}],\"inLanguage\":\"es\"},{\"@type\":\"Organization\",\"@id\":\"https:\\\/\\\/www.ajedrezpaisanfernando.com\\\/blog\\\/#organization\",\"name\":\"Pe\u00f1a Ajedrec\u00edstica Isle\u00f1a\",\"url\":\"https:\\\/\\\/www.ajedrezpaisanfernando.com\\\/blog\\\/\",\"logo\":{\"@type\":\"ImageObject\",\"inLanguage\":\"es\",\"@id\":\"https:\\\/\\\/www.ajedrezpaisanfernando.com\\\/blog\\\/#\\\/schema\\\/logo\\\/image\\\/\",\"url\":\"https:\\\/\\\/www.ajedrezpaisanfernando.com\\\/blog\\\/wp-content\\\/uploads\\\/2021\\\/11\\\/Logo-Pai-escudo-1.jpg\",\"contentUrl\":\"https:\\\/\\\/www.ajedrezpaisanfernando.com\\\/blog\\\/wp-content\\\/uploads\\\/2021\\\/11\\\/Logo-Pai-escudo-1.jpg\",\"width\":880,\"height\":1024,\"caption\":\"Pe\u00f1a Ajedrec\u00edstica Isle\u00f1a\"},\"image\":{\"@id\":\"https:\\\/\\\/www.ajedrezpaisanfernando.com\\\/blog\\\/#\\\/schema\\\/logo\\\/image\\\/\"},\"sameAs\":[\"https:\\\/\\\/www.facebook.com\\\/penaajedrecisticaislena.pai\"]},{\"@type\":\"Person\",\"@id\":\"https:\\\/\\\/www.ajedrezpaisanfernando.com\\\/blog\\\/#\\\/schema\\\/person\\\/39f0de072b3cd8fec8c1df45c24e7b72\",\"name\":\"Alfonso Cu\u00e9llar\",\"image\":{\"@type\":\"ImageObject\",\"inLanguage\":\"es\",\"@id\":\"https:\\\/\\\/secure.gravatar.com\\\/avatar\\\/9a83494586e138722a9f1d6e9cb90417b21bdea40978edee46e7179395302c0c?s=96&r=g\",\"url\":\"https:\\\/\\\/secure.gravatar.com\\\/avatar\\\/9a83494586e138722a9f1d6e9cb90417b21bdea40978edee46e7179395302c0c?s=96&r=g\",\"contentUrl\":\"https:\\\/\\\/secure.gravatar.com\\\/avatar\\\/9a83494586e138722a9f1d6e9cb90417b21bdea40978edee46e7179395302c0c?s=96&r=g\",\"caption\":\"Alfonso Cu\u00e9llar\"}}]}<\/script>\n<!-- \/ Yoast SEO plugin. -->","yoast_head_json":{"title":"VI OPEN VILLA DE CONIL - Pe\u00f1a Ajedrec\u00edstica Isle\u00f1a","robots":{"index":"index","follow":"follow","max-snippet":"max-snippet:-1","max-image-preview":"max-image-preview:large","max-video-preview":"max-video-preview:-1"},"canonical":"http:\/\/www.ajedrezpaisanfernando.com\/blog\/?p=4751","og_locale":"es_ES","og_type":"article","og_title":"VI OPEN VILLA DE CONIL - Pe\u00f1a Ajedrec\u00edstica Isle\u00f1a","og_description":"Se celebr\u00f3 en Conil el\u00a0\u00a0VI Open Villa de Conil \u00abMemorial Pepe Ureba\u00bb\u00a0con una participaci\u00f3n de 59 jugadores. Tras 8 rondas disputadas el campe\u00f3n del torneo fue nuestro jugador\u00a0Alex Garrido Outon\u00a0de la Pe\u00f1a Ajedrec\u00edstica Isle\u00f1a con 7 puntos sobre 8, el subcampe\u00f3n del torneo fue para\u00a0Jorge Rinc\u00f3n Basc\u00f3n\u00a0del Club de Ajedrez La Cobijada con 6,5 puntos...","og_url":"http:\/\/www.ajedrezpaisanfernando.com\/blog\/?p=4751","og_site_name":"Pe\u00f1a Ajedrec\u00edstica Isle\u00f1a","article_publisher":"https:\/\/www.facebook.com\/penaajedrecisticaislena.pai","article_published_time":"2019-12-31T11:28:58+00:00","article_modified_time":"2020-03-01T11:40:54+00:00","og_image":[{"width":421,"height":635,"url":"http:\/\/www.ajedrezpaisanfernando.com\/blog\/wp-content\/uploads\/2020\/03\/resultado.jpg","type":"image\/jpeg"}],"author":"Alfonso Cu\u00e9llar","twitter_card":"summary_large_image","twitter_misc":{"Escrito por":"Alfonso Cu\u00e9llar","Tiempo de lectura":"1 minuto"},"schema":{"@context":"https:\/\/schema.org","@graph":[{"@type":"Article","@id":"http:\/\/www.ajedrezpaisanfernando.com\/blog\/?p=4751#article","isPartOf":{"@id":"http:\/\/www.ajedrezpaisanfernando.com\/blog\/?p=4751"},"author":{"name":"Alfonso Cu\u00e9llar","@id":"https:\/\/www.ajedrezpaisanfernando.com\/blog\/#\/schema\/person\/39f0de072b3cd8fec8c1df45c24e7b72"},"headline":"VI OPEN VILLA DE CONIL","datePublished":"2019-12-31T11:28:58+00:00","dateModified":"2020-03-01T11:40:54+00:00","mainEntityOfPage":{"@id":"http:\/\/www.ajedrezpaisanfernando.com\/blog\/?p=4751"},"wordCount":127,"commentCount":0,"publisher":{"@id":"https:\/\/www.ajedrezpaisanfernando.com\/blog\/#organization"},"image":{"@id":"http:\/\/www.ajedrezpaisanfernando.com\/blog\/?p=4751#primaryimage"},"thumbnailUrl":"http:\/\/www.ajedrezpaisanfernando.com\/blog\/wp-content\/uploads\/2020\/03\/resultado.jpg","articleSection":["General"],"inLanguage":"es","potentialAction":[{"@type":"CommentAction","name":"Comment","target":["http:\/\/www.ajedrezpaisanfernando.com\/blog\/?p=4751#respond"]}]},{"@type":"WebPage","@id":"http:\/\/www.ajedrezpaisanfernando.com\/blog\/?p=4751","url":"http:\/\/www.ajedrezpaisanfernando.com\/blog\/?p=4751","name":"VI OPEN VILLA DE CONIL - Pe\u00f1a Ajedrec\u00edstica Isle\u00f1a","isPartOf":{"@id":"https:\/\/www.ajedrezpaisanfernando.com\/blog\/#website"},"primaryImageOfPage":{"@id":"http:\/\/www.ajedrezpaisanfernando.com\/blog\/?p=4751#primaryimage"},"image":{"@id":"http:\/\/www.ajedrezpaisanfernando.com\/blog\/?p=4751#primaryimage"},"thumbnailUrl":"http:\/\/www.ajedrezpaisanfernando.com\/blog\/wp-content\/uploads\/2020\/03\/resultado.jpg","datePublished":"2019-12-31T11:28:58+00:00","dateModified":"2020-03-01T11:40:54+00:00","breadcrumb":{"@id":"http:\/\/www.ajedrezpaisanfernando.com\/blog\/?p=4751#breadcrumb"},"inLanguage":"es","potentialAction":[{"@type":"ReadAction","target":["http:\/\/www.ajedrezpaisanfernando.com\/blog\/?p=4751"]}]},{"@type":"ImageObject","inLanguage":"es","@id":"http:\/\/www.ajedrezpaisanfernando.com\/blog\/?p=4751#primaryimage","url":"http:\/\/www.ajedrezpaisanfernando.com\/blog\/wp-content\/uploads\/2020\/03\/resultado.jpg","contentUrl":"http:\/\/www.ajedrezpaisanfernando.com\/blog\/wp-content\/uploads\/2020\/03\/resultado.jpg","width":421,"height":635},{"@type":"BreadcrumbList","@id":"http:\/\/www.ajedrezpaisanfernando.com\/blog\/?p=4751#breadcrumb","itemListElement":[{"@type":"ListItem","position":1,"name":"Portada","item":"https:\/\/www.ajedrezpaisanfernando.com\/blog"},{"@type":"ListItem","position":2,"name":"VI OPEN VILLA DE CONIL"}]},{"@type":"WebSite","@id":"https:\/\/www.ajedrezpaisanfernando.com\/blog\/#website","url":"https:\/\/www.ajedrezpaisanfernando.com\/blog\/","name":"Pe\u00f1a Ajedrec\u00edstica Isle\u00f1a","description":"San Fernando (C\u00e1diz)  - chessanfernando@gmail.com - Tfno: 646.55.07.18","publisher":{"@id":"https:\/\/www.ajedrezpaisanfernando.com\/blog\/#organization"},"potentialAction":[{"@type":"SearchAction","target":{"@type":"EntryPoint","urlTemplate":"https:\/\/www.ajedrezpaisanfernando.com\/blog\/?s={search_term_string}"},"query-input":{"@type":"PropertyValueSpecification","valueRequired":true,"valueName":"search_term_string"}}],"inLanguage":"es"},{"@type":"Organization","@id":"https:\/\/www.ajedrezpaisanfernando.com\/blog\/#organization","name":"Pe\u00f1a Ajedrec\u00edstica Isle\u00f1a","url":"https:\/\/www.ajedrezpaisanfernando.com\/blog\/","logo":{"@type":"ImageObject","inLanguage":"es","@id":"https:\/\/www.ajedrezpaisanfernando.com\/blog\/#\/schema\/logo\/image\/","url":"https:\/\/www.ajedrezpaisanfernando.com\/blog\/wp-content\/uploads\/2021\/11\/Logo-Pai-escudo-1.jpg","contentUrl":"https:\/\/www.ajedrezpaisanfernando.com\/blog\/wp-content\/uploads\/2021\/11\/Logo-Pai-escudo-1.jpg","width":880,"height":1024,"caption":"Pe\u00f1a Ajedrec\u00edstica Isle\u00f1a"},"image":{"@id":"https:\/\/www.ajedrezpaisanfernando.com\/blog\/#\/schema\/logo\/image\/"},"sameAs":["https:\/\/www.facebook.com\/penaajedrecisticaislena.pai"]},{"@type":"Person","@id":"https:\/\/www.ajedrezpaisanfernando.com\/blog\/#\/schema\/person\/39f0de072b3cd8fec8c1df45c24e7b72","name":"Alfonso Cu\u00e9llar","image":{"@type":"ImageObject","inLanguage":"es","@id":"https:\/\/secure.gravatar.com\/avatar\/9a83494586e138722a9f1d6e9cb90417b21bdea40978edee46e7179395302c0c?s=96&r=g","url":"https:\/\/secure.gravatar.com\/avatar\/9a83494586e138722a9f1d6e9cb90417b21bdea40978edee46e7179395302c0c?s=96&r=g","contentUrl":"https:\/\/secure.gravatar.com\/avatar\/9a83494586e138722a9f1d6e9cb90417b21bdea40978edee46e7179395302c0c?s=96&r=g","caption":"Alfonso Cu\u00e9llar"}}]}},"_links":{"self":[{"href":"http:\/\/www.ajedrezpaisanfernando.com\/blog\/index.php?rest_route=\/wp\/v2\/posts\/4751","targetHints":{"allow":["GET"]}}],"collection":[{"href":"http:\/\/www.ajedrezpaisanfernando.com\/blog\/index.php?rest_route=\/wp\/v2\/posts"}],"about":[{"href":"http:\/\/www.ajedrezpaisanfernando.com\/blog\/index.php?rest_route=\/wp\/v2\/types\/post"}],"author":[{"embeddable":true,"href":"http:\/\/www.ajedrezpaisanfernando.com\/blog\/index.php?rest_route=\/wp\/v2\/users\/1"}],"replies":[{"embeddable":true,"href":"http:\/\/www.ajedrezpaisanfernando.com\/blog\/index.php?rest_route=%2Fwp%2Fv2%2Fcomments&post=4751"}],"version-history":[{"count":2,"href":"http:\/\/www.ajedrezpaisanfernando.com\/blog\/index.php?rest_route=\/wp\/v2\/posts\/4751\/revisions"}],"predecessor-version":[{"id":4754,"href":"http:\/\/www.ajedrezpaisanfernando.com\/blog\/index.php?rest_route=\/wp\/v2\/posts\/4751\/revisions\/4754"}],"wp:featuredmedia":[{"embeddable":true,"href":"http:\/\/www.ajedrezpaisanfernando.com\/blog\/index.php?rest_route=\/wp\/v2\/media\/4752"}],"wp:attachment":[{"href":"http:\/\/www.ajedrezpaisanfernando.com\/blog\/index.php?rest_route=%2Fwp%2Fv2%2Fmedia&parent=4751"}],"wp:term":[{"taxonomy":"category","embeddable":true,"href":"http:\/\/www.ajedrezpaisanfernando.com\/blog\/index.php?rest_route=%2Fwp%2Fv2%2Fcategories&post=4751"},{"taxonomy":"post_tag","embeddable":true,"href":"http:\/\/www.ajedrezpaisanfernando.com\/blog\/index.php?rest_route=%2Fwp%2Fv2%2Ftags&post=4751"}],"curies":[{"name":"wp","href":"https:\/\/api.w.org\/{rel}","templated":true}]}}