{"id":4733,"date":"2019-11-17T21:36:26","date_gmt":"2019-11-17T21:36:26","guid":{"rendered":"http:\/\/www.ajedrezpaisanfernando.com\/blog\/?p=4733"},"modified":"2019-11-17T21:36:26","modified_gmt":"2019-11-17T21:36:26","slug":"pai-resapin-campeon-de-1era-provincial","status":"publish","type":"post","link":"http:\/\/www.ajedrezpaisanfernando.com\/blog\/?p=4733","title":{"rendered":"PAI RESAPIN, CAMPEON DE 1era PROVINCIAL"},"content":{"rendered":"<p>El s\u00e1bado 16 de noviembre se disput\u00f3 en Chiclana, en concentraci\u00f3n, las \u00faltimas jornadas de primera, segunda y tercera categor\u00eda provincial.<\/p>\n<p>Y nuestro club esta de enhorabuena. Si la pasada semana habl\u00e1bamos de la clasificaci\u00f3n del <strong>PAI BAHIA SUR \u00abA\u00bb<\/strong> a la fase final de\u00a0la Divisi\u00f3n de Honor Andaluza, esta semana el<strong> PAI RESAPIN<\/strong> qued\u00f3 campe\u00f3n de la Primera Provincial, lo cual le da acceso a poder disputar la promoci\u00f3n a Primera Andaluza, donde, recordemos, tenemos otro equipo, el <strong>PAI BAHIA SUR \u00abB\u00bb<\/strong><\/p>\n<p>http:\/\/chess-results.com\/tnr473343.aspx?lan=2&#038;art=0&#038;rd=7<\/p>\n<p>Gracias a los jugadores que han hecho esto posible: Luis Garc\u00eda, Milagros Tocino, Mario L\u00e1zaro, Antonio Caballero, Alvaro Suarez, Miguel Angel Fresno, Fernando Cebada y Diego Gil, cuyo ELO medio al principio de torneo era el sexto y que han conseguido imponerse en la clasificaci\u00f3n, despues de 7 rondas, con 11 puntos, en un apretado final, con 5 victorias, 1 encuentro empatado y tan solo 1 perdido.<\/p>\n<p>Muy buena temporada de un equipo con jugadores muy interesantes, que combina j\u00f3venes en franca progresi\u00f3n y jugadores con experiencia.<\/p>\n<p>\u00a1Enhorabuena <strong>PAI RESAPIN<\/strong>\u00a1<\/p>\n<p>Nuestro otro prometedor equipo en esta categor\u00eda, el <strong>PAI CAMARON \u00abA\u00bb<\/strong> qued\u00f3 en esta ocasi\u00f3n en el puesto 13, con 6 puntos. No tuvo su mejor temporada, pero el pr\u00f3ximo a\u00f1o tendr\u00e1 otra oportunidad de demostrar la val\u00eda de los jugadores que componen el equipo.<\/p>\n<p>En Segunda Provincial, nuestros tres equipos en la categor\u00eda (<strong>PAI FANTASIA \u00abA\u00bb, PAI CAMARON \u00abB\u00bb Y PAI FANTASIA \u00abB\u00bb<\/strong> quedaron sexto, s\u00e9ptimo y octavo respectivamente. Nuestros equipos en esta categor\u00eda est\u00e1n dise\u00f1ados, en su mayor\u00eda, con peque\u00f1os j\u00f3venes canteranos en sus primeros a\u00f1os competitivos que tratan de coger mas experiencia, fuerza y madurez para poder ir quemando etapas a\u00f1o tras a\u00f1o (algo imprescindible en ajedrez) y poder ir subiendo de nivel. Recordemos que nuestros j\u00f3venes que est\u00e1n ahora en el PAI BAHIA SUR \u00abA\u00bb y PAI BAHIA SUR \u00abB\u00bb, recorrieron este camino desde Segunda Provincial hace ya unos a\u00f1os. Tenemos una muy buena y extensa cantera y no dudamos que los j\u00f3venes que ahora compiten en esta segunda categor\u00eda ser\u00e1n muy buenos jugadores dentro de unos a\u00f1os y que reforzaran a\u00fan mas a nuestro club.<\/p>\n<p>http:\/\/chess-results.com\/tnr473352.aspx?lan=2&#038;art=20&#038;snr=9<\/p>\n<p>Finalmente, en Tercera Provincial, nuestro equipo, el <strong>PAI CASTILLITO,<\/strong> qued\u00f3 en una meritoria cuarta plaza, con 7 puntos<\/p>\n<p>https:\/\/chess-results.com\/tnr480274.aspx?lan=2&#038;art=0&#038;rd=6.<\/p>\n<p>Desde estas lineas, agradecer a <strong>TODOS<\/strong> los jugadores que se han dejado la piel compitiendo esta temporada para la Pe\u00f1a Ajedrec\u00edstica Isle\u00f1a , (as\u00ed como a los padres y madres)\u00a0 con el sacrificio que todo ello supone. Han sido 8 equipos de nuestro club los que han competido este a\u00f1o en las distintas categor\u00edas, tanto andaluzas como provinciales.<\/p>\n<p>Nuestro club, gracias a vosotros, goza de un muy buen presente y de un futuro muy prometedor.<\/p>\n<p>Ahora solo queda animar a nuestro primer equipo, el PAI BAHIA SUR \u00abA\u00bb, que disputar\u00e1 en Motril el 30 de noviembre y el 1 de diciembre la fase final de la Divisi\u00f3n de Honor de Andalucia, (la m\u00e1xima competici\u00f3n auton\u00f3mica por equipos), junto con otros 5 fuertes equipos. Esta competici\u00f3n dar\u00e1 fin a las competiciones por equipos de \u00e9ste a\u00f1o 2019.<\/p>\n<p>\u00a1Fuerza PAI\u00a1<\/p>\n<p><img fetchpriority=\"high\" decoding=\"async\" class=\"aligncenter  wp-image-4735\" src=\"http:\/\/www.ajedrezpaisanfernando.com\/blog\/wp-content\/uploads\/2019\/11\/WhatsApp-Image-2019-11-16-at-23.39.38.jpeg\" alt=\"\" width=\"604\" height=\"453\" srcset=\"http:\/\/www.ajedrezpaisanfernando.com\/blog\/wp-content\/uploads\/2019\/11\/WhatsApp-Image-2019-11-16-at-23.39.38.jpeg 2016w, http:\/\/www.ajedrezpaisanfernando.com\/blog\/wp-content\/uploads\/2019\/11\/WhatsApp-Image-2019-11-16-at-23.39.38-300x225.jpeg 300w, http:\/\/www.ajedrezpaisanfernando.com\/blog\/wp-content\/uploads\/2019\/11\/WhatsApp-Image-2019-11-16-at-23.39.38-785x589.jpeg 785w, http:\/\/www.ajedrezpaisanfernando.com\/blog\/wp-content\/uploads\/2019\/11\/WhatsApp-Image-2019-11-16-at-23.39.38-768x576.jpeg 768w, http:\/\/www.ajedrezpaisanfernando.com\/blog\/wp-content\/uploads\/2019\/11\/WhatsApp-Image-2019-11-16-at-23.39.38-1536x1152.jpeg 1536w, http:\/\/www.ajedrezpaisanfernando.com\/blog\/wp-content\/uploads\/2019\/11\/WhatsApp-Image-2019-11-16-at-23.39.38-700x525.jpeg 700w\" sizes=\"(max-width: 604px) 100vw, 604px\" \/><\/p>\n<p><img decoding=\"async\" class=\"aligncenter  wp-image-4736 lazyload\" data-src=\"http:\/\/www.ajedrezpaisanfernando.com\/blog\/wp-content\/uploads\/2019\/11\/WhatsApp-Image-2019-11-16-at-23.39.39.jpeg\" alt=\"\" width=\"604\" height=\"453\" data-srcset=\"http:\/\/www.ajedrezpaisanfernando.com\/blog\/wp-content\/uploads\/2019\/11\/WhatsApp-Image-2019-11-16-at-23.39.39.jpeg 2016w, http:\/\/www.ajedrezpaisanfernando.com\/blog\/wp-content\/uploads\/2019\/11\/WhatsApp-Image-2019-11-16-at-23.39.39-300x225.jpeg 300w, http:\/\/www.ajedrezpaisanfernando.com\/blog\/wp-content\/uploads\/2019\/11\/WhatsApp-Image-2019-11-16-at-23.39.39-785x589.jpeg 785w, http:\/\/www.ajedrezpaisanfernando.com\/blog\/wp-content\/uploads\/2019\/11\/WhatsApp-Image-2019-11-16-at-23.39.39-768x576.jpeg 768w, http:\/\/www.ajedrezpaisanfernando.com\/blog\/wp-content\/uploads\/2019\/11\/WhatsApp-Image-2019-11-16-at-23.39.39-1536x1152.jpeg 1536w, http:\/\/www.ajedrezpaisanfernando.com\/blog\/wp-content\/uploads\/2019\/11\/WhatsApp-Image-2019-11-16-at-23.39.39-700x525.jpeg 700w\" data-sizes=\"(max-width: 604px) 100vw, 604px\" src=\"data:image\/svg+xml;base64,PHN2ZyB3aWR0aD0iMSIgaGVpZ2h0PSIxIiB4bWxucz0iaHR0cDovL3d3dy53My5vcmcvMjAwMC9zdmciPjwvc3ZnPg==\" style=\"--smush-placeholder-width: 604px; --smush-placeholder-aspect-ratio: 604\/453;\" \/><\/p>\n<p>&nbsp;<\/p>\n","protected":false},"excerpt":{"rendered":"<p>El s\u00e1bado 16 de noviembre se disput\u00f3 en Chiclana, en concentraci\u00f3n, las \u00faltimas jornadas de primera, segunda y tercera categor\u00eda provincial. Y nuestro club esta de enhorabuena. Si la pasada semana habl\u00e1bamos de la clasificaci\u00f3n del PAI BAHIA SUR \u00abA\u00bb a la fase final de\u00a0la Divisi\u00f3n de Honor Andaluza, esta semana el PAI RESAPIN qued\u00f3&#8230;<\/p>\n","protected":false},"author":1,"featured_media":4735,"comment_status":"open","ping_status":"open","sticky":false,"template":"","format":"standard","meta":{"_kadence_starter_templates_imported_post":false,"_kad_post_transparent":"","_kad_post_title":"","_kad_post_layout":"","_kad_post_sidebar_id":"","_kad_post_content_style":"","_kad_post_vertical_padding":"","_kad_post_feature":"","_kad_post_feature_position":"","_kad_post_header":false,"_kad_post_footer":false,"_kad_post_classname":"","footnotes":""},"categories":[1],"tags":[],"class_list":["post-4733","post","type-post","status-publish","format-standard","has-post-thumbnail","hentry","category-general"],"yoast_head":"<!-- This site is optimized with the Yoast SEO plugin v27.4 - https:\/\/yoast.com\/product\/yoast-seo-wordpress\/ -->\n<title>PAI RESAPIN, CAMPEON DE 1era PROVINCIAL - Pe\u00f1a Ajedrec\u00edstica Isle\u00f1a<\/title>\n<meta name=\"robots\" content=\"index, follow, max-snippet:-1, max-image-preview:large, max-video-preview:-1\" \/>\n<link rel=\"canonical\" href=\"http:\/\/www.ajedrezpaisanfernando.com\/blog\/?p=4733\" \/>\n<meta property=\"og:locale\" content=\"es_ES\" \/>\n<meta property=\"og:type\" content=\"article\" \/>\n<meta property=\"og:title\" content=\"PAI RESAPIN, CAMPEON DE 1era PROVINCIAL - Pe\u00f1a Ajedrec\u00edstica Isle\u00f1a\" \/>\n<meta property=\"og:description\" content=\"El s\u00e1bado 16 de noviembre se disput\u00f3 en Chiclana, en concentraci\u00f3n, las \u00faltimas jornadas de primera, segunda y tercera categor\u00eda provincial. Y nuestro club esta de enhorabuena. Si la pasada semana habl\u00e1bamos de la clasificaci\u00f3n del PAI BAHIA SUR \u00abA\u00bb a la fase final de\u00a0la Divisi\u00f3n de Honor Andaluza, esta semana el PAI RESAPIN qued\u00f3...\" \/>\n<meta property=\"og:url\" content=\"http:\/\/www.ajedrezpaisanfernando.com\/blog\/?p=4733\" \/>\n<meta property=\"og:site_name\" content=\"Pe\u00f1a Ajedrec\u00edstica Isle\u00f1a\" \/>\n<meta property=\"article:publisher\" content=\"https:\/\/www.facebook.com\/penaajedrecisticaislena.pai\" \/>\n<meta property=\"article:published_time\" content=\"2019-11-17T21:36:26+00:00\" \/>\n<meta property=\"og:image\" content=\"http:\/\/www.ajedrezpaisanfernando.com\/blog\/wp-content\/uploads\/2019\/11\/WhatsApp-Image-2019-11-16-at-23.39.38.jpeg\" \/>\n\t<meta property=\"og:image:width\" content=\"2016\" \/>\n\t<meta property=\"og:image:height\" content=\"1512\" \/>\n\t<meta property=\"og:image:type\" content=\"image\/jpeg\" \/>\n<meta name=\"author\" content=\"Alfonso Cu\u00e9llar\" \/>\n<meta name=\"twitter:card\" content=\"summary_large_image\" \/>\n<meta name=\"twitter:label1\" content=\"Escrito por\" \/>\n\t<meta name=\"twitter:data1\" content=\"Alfonso Cu\u00e9llar\" \/>\n\t<meta name=\"twitter:label2\" content=\"Tiempo de lectura\" \/>\n\t<meta name=\"twitter:data2\" content=\"3 minutos\" \/>\n<script type=\"application\/ld+json\" class=\"yoast-schema-graph\">{\"@context\":\"https:\\\/\\\/schema.org\",\"@graph\":[{\"@type\":\"Article\",\"@id\":\"http:\\\/\\\/www.ajedrezpaisanfernando.com\\\/blog\\\/?p=4733#article\",\"isPartOf\":{\"@id\":\"http:\\\/\\\/www.ajedrezpaisanfernando.com\\\/blog\\\/?p=4733\"},\"author\":{\"name\":\"Alfonso Cu\u00e9llar\",\"@id\":\"https:\\\/\\\/www.ajedrezpaisanfernando.com\\\/blog\\\/#\\\/schema\\\/person\\\/39f0de072b3cd8fec8c1df45c24e7b72\"},\"headline\":\"PAI RESAPIN, CAMPEON DE 1era PROVINCIAL\",\"datePublished\":\"2019-11-17T21:36:26+00:00\",\"mainEntityOfPage\":{\"@id\":\"http:\\\/\\\/www.ajedrezpaisanfernando.com\\\/blog\\\/?p=4733\"},\"wordCount\":580,\"commentCount\":0,\"publisher\":{\"@id\":\"https:\\\/\\\/www.ajedrezpaisanfernando.com\\\/blog\\\/#organization\"},\"image\":{\"@id\":\"http:\\\/\\\/www.ajedrezpaisanfernando.com\\\/blog\\\/?p=4733#primaryimage\"},\"thumbnailUrl\":\"http:\\\/\\\/www.ajedrezpaisanfernando.com\\\/blog\\\/wp-content\\\/uploads\\\/2019\\\/11\\\/WhatsApp-Image-2019-11-16-at-23.39.38.jpeg\",\"articleSection\":[\"General\"],\"inLanguage\":\"es\",\"potentialAction\":[{\"@type\":\"CommentAction\",\"name\":\"Comment\",\"target\":[\"http:\\\/\\\/www.ajedrezpaisanfernando.com\\\/blog\\\/?p=4733#respond\"]}]},{\"@type\":\"WebPage\",\"@id\":\"http:\\\/\\\/www.ajedrezpaisanfernando.com\\\/blog\\\/?p=4733\",\"url\":\"http:\\\/\\\/www.ajedrezpaisanfernando.com\\\/blog\\\/?p=4733\",\"name\":\"PAI RESAPIN, CAMPEON DE 1era PROVINCIAL - Pe\u00f1a Ajedrec\u00edstica Isle\u00f1a\",\"isPartOf\":{\"@id\":\"https:\\\/\\\/www.ajedrezpaisanfernando.com\\\/blog\\\/#website\"},\"primaryImageOfPage\":{\"@id\":\"http:\\\/\\\/www.ajedrezpaisanfernando.com\\\/blog\\\/?p=4733#primaryimage\"},\"image\":{\"@id\":\"http:\\\/\\\/www.ajedrezpaisanfernando.com\\\/blog\\\/?p=4733#primaryimage\"},\"thumbnailUrl\":\"http:\\\/\\\/www.ajedrezpaisanfernando.com\\\/blog\\\/wp-content\\\/uploads\\\/2019\\\/11\\\/WhatsApp-Image-2019-11-16-at-23.39.38.jpeg\",\"datePublished\":\"2019-11-17T21:36:26+00:00\",\"breadcrumb\":{\"@id\":\"http:\\\/\\\/www.ajedrezpaisanfernando.com\\\/blog\\\/?p=4733#breadcrumb\"},\"inLanguage\":\"es\",\"potentialAction\":[{\"@type\":\"ReadAction\",\"target\":[\"http:\\\/\\\/www.ajedrezpaisanfernando.com\\\/blog\\\/?p=4733\"]}]},{\"@type\":\"ImageObject\",\"inLanguage\":\"es\",\"@id\":\"http:\\\/\\\/www.ajedrezpaisanfernando.com\\\/blog\\\/?p=4733#primaryimage\",\"url\":\"http:\\\/\\\/www.ajedrezpaisanfernando.com\\\/blog\\\/wp-content\\\/uploads\\\/2019\\\/11\\\/WhatsApp-Image-2019-11-16-at-23.39.38.jpeg\",\"contentUrl\":\"http:\\\/\\\/www.ajedrezpaisanfernando.com\\\/blog\\\/wp-content\\\/uploads\\\/2019\\\/11\\\/WhatsApp-Image-2019-11-16-at-23.39.38.jpeg\",\"width\":2016,\"height\":1512},{\"@type\":\"BreadcrumbList\",\"@id\":\"http:\\\/\\\/www.ajedrezpaisanfernando.com\\\/blog\\\/?p=4733#breadcrumb\",\"itemListElement\":[{\"@type\":\"ListItem\",\"position\":1,\"name\":\"Portada\",\"item\":\"https:\\\/\\\/www.ajedrezpaisanfernando.com\\\/blog\"},{\"@type\":\"ListItem\",\"position\":2,\"name\":\"PAI RESAPIN, CAMPEON DE 1era PROVINCIAL\"}]},{\"@type\":\"WebSite\",\"@id\":\"https:\\\/\\\/www.ajedrezpaisanfernando.com\\\/blog\\\/#website\",\"url\":\"https:\\\/\\\/www.ajedrezpaisanfernando.com\\\/blog\\\/\",\"name\":\"Pe\u00f1a Ajedrec\u00edstica Isle\u00f1a\",\"description\":\"San Fernando (C\u00e1diz)  - chessanfernando@gmail.com - Tfno: 646.55.07.18\",\"publisher\":{\"@id\":\"https:\\\/\\\/www.ajedrezpaisanfernando.com\\\/blog\\\/#organization\"},\"potentialAction\":[{\"@type\":\"SearchAction\",\"target\":{\"@type\":\"EntryPoint\",\"urlTemplate\":\"https:\\\/\\\/www.ajedrezpaisanfernando.com\\\/blog\\\/?s={search_term_string}\"},\"query-input\":{\"@type\":\"PropertyValueSpecification\",\"valueRequired\":true,\"valueName\":\"search_term_string\"}}],\"inLanguage\":\"es\"},{\"@type\":\"Organization\",\"@id\":\"https:\\\/\\\/www.ajedrezpaisanfernando.com\\\/blog\\\/#organization\",\"name\":\"Pe\u00f1a Ajedrec\u00edstica Isle\u00f1a\",\"url\":\"https:\\\/\\\/www.ajedrezpaisanfernando.com\\\/blog\\\/\",\"logo\":{\"@type\":\"ImageObject\",\"inLanguage\":\"es\",\"@id\":\"https:\\\/\\\/www.ajedrezpaisanfernando.com\\\/blog\\\/#\\\/schema\\\/logo\\\/image\\\/\",\"url\":\"https:\\\/\\\/www.ajedrezpaisanfernando.com\\\/blog\\\/wp-content\\\/uploads\\\/2021\\\/11\\\/Logo-Pai-escudo-1.jpg\",\"contentUrl\":\"https:\\\/\\\/www.ajedrezpaisanfernando.com\\\/blog\\\/wp-content\\\/uploads\\\/2021\\\/11\\\/Logo-Pai-escudo-1.jpg\",\"width\":880,\"height\":1024,\"caption\":\"Pe\u00f1a Ajedrec\u00edstica Isle\u00f1a\"},\"image\":{\"@id\":\"https:\\\/\\\/www.ajedrezpaisanfernando.com\\\/blog\\\/#\\\/schema\\\/logo\\\/image\\\/\"},\"sameAs\":[\"https:\\\/\\\/www.facebook.com\\\/penaajedrecisticaislena.pai\"]},{\"@type\":\"Person\",\"@id\":\"https:\\\/\\\/www.ajedrezpaisanfernando.com\\\/blog\\\/#\\\/schema\\\/person\\\/39f0de072b3cd8fec8c1df45c24e7b72\",\"name\":\"Alfonso Cu\u00e9llar\",\"image\":{\"@type\":\"ImageObject\",\"inLanguage\":\"es\",\"@id\":\"https:\\\/\\\/secure.gravatar.com\\\/avatar\\\/9a83494586e138722a9f1d6e9cb90417b21bdea40978edee46e7179395302c0c?s=96&r=g\",\"url\":\"https:\\\/\\\/secure.gravatar.com\\\/avatar\\\/9a83494586e138722a9f1d6e9cb90417b21bdea40978edee46e7179395302c0c?s=96&r=g\",\"contentUrl\":\"https:\\\/\\\/secure.gravatar.com\\\/avatar\\\/9a83494586e138722a9f1d6e9cb90417b21bdea40978edee46e7179395302c0c?s=96&r=g\",\"caption\":\"Alfonso Cu\u00e9llar\"}}]}<\/script>\n<!-- \/ Yoast SEO plugin. -->","yoast_head_json":{"title":"PAI RESAPIN, CAMPEON DE 1era PROVINCIAL - Pe\u00f1a Ajedrec\u00edstica Isle\u00f1a","robots":{"index":"index","follow":"follow","max-snippet":"max-snippet:-1","max-image-preview":"max-image-preview:large","max-video-preview":"max-video-preview:-1"},"canonical":"http:\/\/www.ajedrezpaisanfernando.com\/blog\/?p=4733","og_locale":"es_ES","og_type":"article","og_title":"PAI RESAPIN, CAMPEON DE 1era PROVINCIAL - Pe\u00f1a Ajedrec\u00edstica Isle\u00f1a","og_description":"El s\u00e1bado 16 de noviembre se disput\u00f3 en Chiclana, en concentraci\u00f3n, las \u00faltimas jornadas de primera, segunda y tercera categor\u00eda provincial. Y nuestro club esta de enhorabuena. Si la pasada semana habl\u00e1bamos de la clasificaci\u00f3n del PAI BAHIA SUR \u00abA\u00bb a la fase final de\u00a0la Divisi\u00f3n de Honor Andaluza, esta semana el PAI RESAPIN qued\u00f3...","og_url":"http:\/\/www.ajedrezpaisanfernando.com\/blog\/?p=4733","og_site_name":"Pe\u00f1a Ajedrec\u00edstica Isle\u00f1a","article_publisher":"https:\/\/www.facebook.com\/penaajedrecisticaislena.pai","article_published_time":"2019-11-17T21:36:26+00:00","og_image":[{"width":2016,"height":1512,"url":"http:\/\/www.ajedrezpaisanfernando.com\/blog\/wp-content\/uploads\/2019\/11\/WhatsApp-Image-2019-11-16-at-23.39.38.jpeg","type":"image\/jpeg"}],"author":"Alfonso Cu\u00e9llar","twitter_card":"summary_large_image","twitter_misc":{"Escrito por":"Alfonso Cu\u00e9llar","Tiempo de lectura":"3 minutos"},"schema":{"@context":"https:\/\/schema.org","@graph":[{"@type":"Article","@id":"http:\/\/www.ajedrezpaisanfernando.com\/blog\/?p=4733#article","isPartOf":{"@id":"http:\/\/www.ajedrezpaisanfernando.com\/blog\/?p=4733"},"author":{"name":"Alfonso Cu\u00e9llar","@id":"https:\/\/www.ajedrezpaisanfernando.com\/blog\/#\/schema\/person\/39f0de072b3cd8fec8c1df45c24e7b72"},"headline":"PAI RESAPIN, CAMPEON DE 1era PROVINCIAL","datePublished":"2019-11-17T21:36:26+00:00","mainEntityOfPage":{"@id":"http:\/\/www.ajedrezpaisanfernando.com\/blog\/?p=4733"},"wordCount":580,"commentCount":0,"publisher":{"@id":"https:\/\/www.ajedrezpaisanfernando.com\/blog\/#organization"},"image":{"@id":"http:\/\/www.ajedrezpaisanfernando.com\/blog\/?p=4733#primaryimage"},"thumbnailUrl":"http:\/\/www.ajedrezpaisanfernando.com\/blog\/wp-content\/uploads\/2019\/11\/WhatsApp-Image-2019-11-16-at-23.39.38.jpeg","articleSection":["General"],"inLanguage":"es","potentialAction":[{"@type":"CommentAction","name":"Comment","target":["http:\/\/www.ajedrezpaisanfernando.com\/blog\/?p=4733#respond"]}]},{"@type":"WebPage","@id":"http:\/\/www.ajedrezpaisanfernando.com\/blog\/?p=4733","url":"http:\/\/www.ajedrezpaisanfernando.com\/blog\/?p=4733","name":"PAI RESAPIN, CAMPEON DE 1era PROVINCIAL - Pe\u00f1a Ajedrec\u00edstica Isle\u00f1a","isPartOf":{"@id":"https:\/\/www.ajedrezpaisanfernando.com\/blog\/#website"},"primaryImageOfPage":{"@id":"http:\/\/www.ajedrezpaisanfernando.com\/blog\/?p=4733#primaryimage"},"image":{"@id":"http:\/\/www.ajedrezpaisanfernando.com\/blog\/?p=4733#primaryimage"},"thumbnailUrl":"http:\/\/www.ajedrezpaisanfernando.com\/blog\/wp-content\/uploads\/2019\/11\/WhatsApp-Image-2019-11-16-at-23.39.38.jpeg","datePublished":"2019-11-17T21:36:26+00:00","breadcrumb":{"@id":"http:\/\/www.ajedrezpaisanfernando.com\/blog\/?p=4733#breadcrumb"},"inLanguage":"es","potentialAction":[{"@type":"ReadAction","target":["http:\/\/www.ajedrezpaisanfernando.com\/blog\/?p=4733"]}]},{"@type":"ImageObject","inLanguage":"es","@id":"http:\/\/www.ajedrezpaisanfernando.com\/blog\/?p=4733#primaryimage","url":"http:\/\/www.ajedrezpaisanfernando.com\/blog\/wp-content\/uploads\/2019\/11\/WhatsApp-Image-2019-11-16-at-23.39.38.jpeg","contentUrl":"http:\/\/www.ajedrezpaisanfernando.com\/blog\/wp-content\/uploads\/2019\/11\/WhatsApp-Image-2019-11-16-at-23.39.38.jpeg","width":2016,"height":1512},{"@type":"BreadcrumbList","@id":"http:\/\/www.ajedrezpaisanfernando.com\/blog\/?p=4733#breadcrumb","itemListElement":[{"@type":"ListItem","position":1,"name":"Portada","item":"https:\/\/www.ajedrezpaisanfernando.com\/blog"},{"@type":"ListItem","position":2,"name":"PAI RESAPIN, CAMPEON DE 1era PROVINCIAL"}]},{"@type":"WebSite","@id":"https:\/\/www.ajedrezpaisanfernando.com\/blog\/#website","url":"https:\/\/www.ajedrezpaisanfernando.com\/blog\/","name":"Pe\u00f1a Ajedrec\u00edstica Isle\u00f1a","description":"San Fernando (C\u00e1diz)  - chessanfernando@gmail.com - Tfno: 646.55.07.18","publisher":{"@id":"https:\/\/www.ajedrezpaisanfernando.com\/blog\/#organization"},"potentialAction":[{"@type":"SearchAction","target":{"@type":"EntryPoint","urlTemplate":"https:\/\/www.ajedrezpaisanfernando.com\/blog\/?s={search_term_string}"},"query-input":{"@type":"PropertyValueSpecification","valueRequired":true,"valueName":"search_term_string"}}],"inLanguage":"es"},{"@type":"Organization","@id":"https:\/\/www.ajedrezpaisanfernando.com\/blog\/#organization","name":"Pe\u00f1a Ajedrec\u00edstica Isle\u00f1a","url":"https:\/\/www.ajedrezpaisanfernando.com\/blog\/","logo":{"@type":"ImageObject","inLanguage":"es","@id":"https:\/\/www.ajedrezpaisanfernando.com\/blog\/#\/schema\/logo\/image\/","url":"https:\/\/www.ajedrezpaisanfernando.com\/blog\/wp-content\/uploads\/2021\/11\/Logo-Pai-escudo-1.jpg","contentUrl":"https:\/\/www.ajedrezpaisanfernando.com\/blog\/wp-content\/uploads\/2021\/11\/Logo-Pai-escudo-1.jpg","width":880,"height":1024,"caption":"Pe\u00f1a Ajedrec\u00edstica Isle\u00f1a"},"image":{"@id":"https:\/\/www.ajedrezpaisanfernando.com\/blog\/#\/schema\/logo\/image\/"},"sameAs":["https:\/\/www.facebook.com\/penaajedrecisticaislena.pai"]},{"@type":"Person","@id":"https:\/\/www.ajedrezpaisanfernando.com\/blog\/#\/schema\/person\/39f0de072b3cd8fec8c1df45c24e7b72","name":"Alfonso Cu\u00e9llar","image":{"@type":"ImageObject","inLanguage":"es","@id":"https:\/\/secure.gravatar.com\/avatar\/9a83494586e138722a9f1d6e9cb90417b21bdea40978edee46e7179395302c0c?s=96&r=g","url":"https:\/\/secure.gravatar.com\/avatar\/9a83494586e138722a9f1d6e9cb90417b21bdea40978edee46e7179395302c0c?s=96&r=g","contentUrl":"https:\/\/secure.gravatar.com\/avatar\/9a83494586e138722a9f1d6e9cb90417b21bdea40978edee46e7179395302c0c?s=96&r=g","caption":"Alfonso Cu\u00e9llar"}}]}},"_links":{"self":[{"href":"http:\/\/www.ajedrezpaisanfernando.com\/blog\/index.php?rest_route=\/wp\/v2\/posts\/4733","targetHints":{"allow":["GET"]}}],"collection":[{"href":"http:\/\/www.ajedrezpaisanfernando.com\/blog\/index.php?rest_route=\/wp\/v2\/posts"}],"about":[{"href":"http:\/\/www.ajedrezpaisanfernando.com\/blog\/index.php?rest_route=\/wp\/v2\/types\/post"}],"author":[{"embeddable":true,"href":"http:\/\/www.ajedrezpaisanfernando.com\/blog\/index.php?rest_route=\/wp\/v2\/users\/1"}],"replies":[{"embeddable":true,"href":"http:\/\/www.ajedrezpaisanfernando.com\/blog\/index.php?rest_route=%2Fwp%2Fv2%2Fcomments&post=4733"}],"version-history":[{"count":1,"href":"http:\/\/www.ajedrezpaisanfernando.com\/blog\/index.php?rest_route=\/wp\/v2\/posts\/4733\/revisions"}],"predecessor-version":[{"id":4737,"href":"http:\/\/www.ajedrezpaisanfernando.com\/blog\/index.php?rest_route=\/wp\/v2\/posts\/4733\/revisions\/4737"}],"wp:featuredmedia":[{"embeddable":true,"href":"http:\/\/www.ajedrezpaisanfernando.com\/blog\/index.php?rest_route=\/wp\/v2\/media\/4735"}],"wp:attachment":[{"href":"http:\/\/www.ajedrezpaisanfernando.com\/blog\/index.php?rest_route=%2Fwp%2Fv2%2Fmedia&parent=4733"}],"wp:term":[{"taxonomy":"category","embeddable":true,"href":"http:\/\/www.ajedrezpaisanfernando.com\/blog\/index.php?rest_route=%2Fwp%2Fv2%2Fcategories&post=4733"},{"taxonomy":"post_tag","embeddable":true,"href":"http:\/\/www.ajedrezpaisanfernando.com\/blog\/index.php?rest_route=%2Fwp%2Fv2%2Ftags&post=4733"}],"curies":[{"name":"wp","href":"https:\/\/api.w.org\/{rel}","templated":true}]}}